{"id":177,"date":"2007-08-27T12:04:12","date_gmt":"2007-08-27T10:04:12","guid":{"rendered":"http:\/\/www.slammy.net\/?p=177"},"modified":"2007-08-27T12:05:35","modified_gmt":"2007-08-27T10:05:35","slug":"rockalissimisment-votre","status":"publish","type":"post","link":"http:\/\/www.slammy.net\/?p=177","title":{"rendered":"Rockalissimisment votre"},"content":{"rendered":"<p align=\"center\">\n<p align=\"left\">Voil\u00e0 o\u00f9 on \u00e9tait Samedi soir les Jumeaux et moi. Evidemment pour voir les Fatals m\u00eame si <a href=\"http:\/\/lacabfamilia.free.fr%20\">La Cab Familia<\/a> ressemble pas mal aux N\u00e9gresses Vertes donc assez sympa \u00e0 \u00e9couter au soleil et The Washing Machine Company fait du rock tr\u00e8s honorable.<\/p>\n<p><img decoding=\"async\" src=\"http:\/\/www.rockalissimo.com\/img\/fly\/flyBack2007.jpg\" \/><\/p>\n<p align=\"left\">Concernant les Fatals, on a oubli\u00e9 d&#8217;emmener les albums \u00e0 faire d\u00e9dicacer :S mais bon on a tap\u00e9 la discute avec Laurent et Jean Marc, tous les deux super sympas, qui se souvenaient du concert au Cylindre \u00e0 Larnod et surtout de leur concert au Crit d&#8217;\u00e9t\u00e9 avec les carabins &#8230;<br \/>\nSinon week end plut\u00f4t calme, j&#8217;ai revu avec grand plaisir Philippe ainsi que son frangin Marc, \u00e7a faisait quasi 10 ans et Marc habite \u00e0 moins de 10 bornes donc on devrait se voir un peu plus qu&#8217;une fois tout les 10 ans.Un peu de Vanguard, un peu plus de W.A.R, du tracteur, du rotofil, piscine chez Cano , la routine quoi.<\/p>\n<p>D\u00e9part des parents pour la Bulgarie hier, des nouvelles ce matin : il pleut \ud83d\ude41<\/p>\n","protected":false},"excerpt":{"rendered":"<p>Voil\u00e0 o\u00f9 on \u00e9tait Samedi soir les Jumeaux et moi. Evidemment pour voir les Fatals m\u00eame si La Cab Familia ressemble pas mal aux N\u00e9gresses Vertes donc assez sympa \u00e0 \u00e9couter au soleil et The Washing Machine Company fait du rock tr\u00e8s honorable. Concernant les Fatals, on a oubli\u00e9 d&#8217;emmener les albums \u00e0 faire d\u00e9dicacer&hellip; <a class=\"more-link\" href=\"http:\/\/www.slammy.net\/?p=177\">Continue reading <span class=\"screen-reader-text\">Rockalissimisment votre<\/span><\/a><\/p>\n","protected":false},"author":1,"featured_media":0,"comment_status":"open","ping_status":"open","sticky":false,"template":"","format":"standard","meta":{"footnotes":""},"categories":[7,14,16,19,24],"tags":[35,46,52,49,55],"class_list":["post-177","post","type-post","status-publish","format-standard","hentry","category-le-coeur","category-musique","category-perso","category-vanguard","category-war","tag-le-coeur","tag-musique","tag-perso","tag-vanguard","tag-war","entry"],"_links":{"self":[{"href":"http:\/\/www.slammy.net\/index.php?rest_route=\/wp\/v2\/posts\/177","targetHints":{"allow":["GET"]}}],"collection":[{"href":"http:\/\/www.slammy.net\/index.php?rest_route=\/wp\/v2\/posts"}],"about":[{"href":"http:\/\/www.slammy.net\/index.php?rest_route=\/wp\/v2\/types\/post"}],"author":[{"embeddable":true,"href":"http:\/\/www.slammy.net\/index.php?rest_route=\/wp\/v2\/users\/1"}],"replies":[{"embeddable":true,"href":"http:\/\/www.slammy.net\/index.php?rest_route=%2Fwp%2Fv2%2Fcomments&post=177"}],"version-history":[{"count":0,"href":"http:\/\/www.slammy.net\/index.php?rest_route=\/wp\/v2\/posts\/177\/revisions"}],"wp:attachment":[{"href":"http:\/\/www.slammy.net\/index.php?rest_route=%2Fwp%2Fv2%2Fmedia&parent=177"}],"wp:term":[{"taxonomy":"category","embeddable":true,"href":"http:\/\/www.slammy.net\/index.php?rest_route=%2Fwp%2Fv2%2Fcategories&post=177"},{"taxonomy":"post_tag","embeddable":true,"href":"http:\/\/www.slammy.net\/index.php?rest_route=%2Fwp%2Fv2%2Ftags&post=177"}],"curies":[{"name":"wp","href":"https:\/\/api.w.org\/{rel}","templated":true}]}}